{"id":364,"date":"2019-12-16T23:17:23","date_gmt":"2019-12-16T20:17:23","guid":{"rendered":"http:\/\/korder.org\/?p=364"},"modified":"2019-12-16T23:17:28","modified_gmt":"2019-12-16T20:17:28","slug":"korder-12-genel-kurulu","status":"publish","type":"post","link":"http:\/\/korder.org\/index.php\/2019\/12\/16\/korder-12-genel-kurulu\/","title":{"rendered":"KORDER 12. Genel Kurulu"},"content":{"rendered":"\n<p>Derne\u011fimizin 12. Ola\u011fan Genel Kurul Toplant\u0131s\u0131n\u0131n\u00a023 Kas\u0131m 2019 (cumartesi) g\u00fcn\u00fc saat 18.30 da Konutkent 2 Sitesi Dat\u00e7a Sokak B-1 Blok 2\u00a0no.lu\u00a0D\u00fckkan \u00c7ayyolu- Ankara adresindeki dernek merkezinde oldu\u011fu duyurulmu\u015f; fakat \u00e7o\u011funluk sa\u011flanamad\u0131\u011f\u0131 i\u00e7in yap\u0131lamam\u0131\u015ft\u0131r. Genel kurulumuz, 15 Aral\u0131k 2019 (pazar) g\u00fcn\u00fc saat 11.00\u2032de gene ayn\u0131 adreste \u00e7o\u011funluk aranmaks\u0131z\u0131n  yap\u0131lm\u0131\u015ft\u0131r. <\/p>\n\n\n\n<p>Yeni kurullar a\u015fa\u011f\u0131daki gibidir:<\/p>\n\n\n\n<table class=\"wp-block-table\"><tbody><tr><td>\n  <strong>Y\u00f6netim\n  Kurulu<\/strong>\n  <\/td><td>   <strong>Denetim   Kurulu <\/strong>         <\/td><td>\n  <strong>Onur\n  Kurulu<\/strong>\n  <\/td><\/tr><tr><td>\n  M\u00fcge\n  Bah\u00e7eci\n  <\/td><td>\n  Cansen\n  K\u0131l\u0131\u00e7\u00e7\u00f6te\n  <\/td><td> Neriman   \u015eahin G\u00fc\u00e7han           <\/td><\/tr><tr><td>\n  Merve\n  \u00d6zt\u00fcrk\n  <\/td><td>   Gizem   Yurdanur        <\/td><td>\n  Cevat\n  Erder\n  <\/td><\/tr><tr><td>\n  Ali\n  Fuat Tek\n  <\/td><td>\n  Ay\u00e7a\n  Bilgi\u00e7\n  <\/td><td>\n  P.\n  Ay\u015f\u0131l Yavuz\n  <\/td><\/tr><tr><td>\n  P\u0131nar\n  Ayka\u00e7\n  <\/td><td>\n  &nbsp;\n  <\/td><td>\n  &nbsp;\n  <\/td><\/tr><tr><td>  Leyla   Etyemez \u00c7\u0131plak            <\/td><td>\n  &nbsp;\n  <\/td><td>\n  &nbsp;\n  <\/td><\/tr><\/tbody><\/table>\n\n\n\n<table class=\"wp-block-table\"><tbody><tr><td>\n  <strong>Yedek\n  <\/strong>\n  <\/td><td>\n  <strong>Yedek\n  <\/strong>\n  <\/td><td>\n  <strong>Yedek<\/strong>\n  <\/td><\/tr><tr><td>\n  \u00d6zg\u00fcn\n  \u00d6z\u00e7ak\u0131r\n  <\/td><td>\n  Eseng\u00fcl\n  \u0130nalpulat\n  <\/td><td>\n  Ay\u015fe\n  Tavuk\u00e7uo\u011flu\n  <\/td><\/tr><tr><td>\n  Umut\n  Bilgi\u00e7\n  <\/td><td>\n  Ahsen\n  Mocan\n  <\/td><td>\n  Ay\u015fe\n  G\u00fcliz Bilgin Alt\u0131n\u00f6z\n  <\/td><\/tr><tr><td>\n  G\u00f6khan\n  Okumu\u015f\n  <\/td><td>\n  Nevin\n  Apayd\u0131n\n  <\/td><td>\n  Nimet\n  \u00d6zg\u00f6n\u00fcl\n  <\/td><\/tr><tr><td>\n  Ay\u00e7a\n  \u00d6zmen\n  <\/td><td>\n  &nbsp;\n  <\/td><td>\n  &nbsp;\n  <\/td><\/tr><tr><td>\n  Elif\n  Selena Ayhan\n  <\/td><td>\n  &nbsp;\n  <\/td><td>\n  &nbsp;\n  <\/td><\/tr><\/tbody><\/table>\n\n\n\n<p><\/p>\n","protected":false},"excerpt":{"rendered":"<p>Derne\u011fimizin 12. Ola\u011fan Genel Kurul Toplant\u0131s\u0131n\u0131n\u00a023 Kas\u0131m 2019 (cumartesi) g\u00fcn\u00fc saat 18.30 da Konutkent 2 Sitesi Dat\u00e7a Sokak B-1 Blok 2\u00a0no.lu\u00a0D\u00fckkan \u00c7ayyolu- Ankara adresindeki dernek merkezinde oldu\u011fu duyurulmu\u015f; fakat \u00e7o\u011funluk sa\u011flanamad\u0131\u011f\u0131 i\u00e7in yap\u0131lamam\u0131\u015ft\u0131r. Genel kurulumuz, 15 Aral\u0131k 2019 (pazar) g\u00fcn\u00fc saat 11.00\u2032de gene ayn\u0131 adreste \u00e7o\u011funluk aranmaks\u0131z\u0131n yap\u0131lm\u0131\u015ft\u0131r. Yeni kurullar a\u015fa\u011f\u0131daki gibidir: Y\u00f6netim Kurulu Denetim [&hellip;]<\/p>\n","protected":false},"author":2,"featured_media":0,"comment_status":"closed","ping_status":"closed","sticky":false,"template":"","format":"standard","meta":{"jetpack_post_was_ever_published":false,"_jetpack_newsletter_access":"","_jetpack_newsletter_tier_id":0,"jetpack_publicize_message":"","jetpack_is_tweetstorm":false,"jetpack_publicize_feature_enabled":true,"jetpack_social_post_already_shared":true,"jetpack_social_options":{"image_generator_settings":{"template":"highway","enabled":false}}},"categories":[35],"tags":[],"jetpack_publicize_connections":[],"jetpack_featured_media_url":"","jetpack_sharing_enabled":true,"jetpack_shortlink":"https:\/\/wp.me\/p9N5vd-5S","_links":{"self":[{"href":"http:\/\/korder.org\/index.php\/wp-json\/wp\/v2\/posts\/364"}],"collection":[{"href":"http:\/\/korder.org\/index.php\/wp-json\/wp\/v2\/posts"}],"about":[{"href":"http:\/\/korder.org\/index.php\/wp-json\/wp\/v2\/types\/post"}],"author":[{"embeddable":true,"href":"http:\/\/korder.org\/index.php\/wp-json\/wp\/v2\/users\/2"}],"replies":[{"embeddable":true,"href":"http:\/\/korder.org\/index.php\/wp-json\/wp\/v2\/comments?post=364"}],"version-history":[{"count":1,"href":"http:\/\/korder.org\/index.php\/wp-json\/wp\/v2\/posts\/364\/revisions"}],"predecessor-version":[{"id":365,"href":"http:\/\/korder.org\/index.php\/wp-json\/wp\/v2\/posts\/364\/revisions\/365"}],"wp:attachment":[{"href":"http:\/\/korder.org\/index.php\/wp-json\/wp\/v2\/media?parent=364"}],"wp:term":[{"taxonomy":"category","embeddable":true,"href":"http:\/\/korder.org\/index.php\/wp-json\/wp\/v2\/categories?post=364"},{"taxonomy":"post_tag","embeddable":true,"href":"http:\/\/korder.org\/index.php\/wp-json\/wp\/v2\/tags?post=364"}],"curies":[{"name":"wp","href":"https:\/\/api.w.org\/{rel}","templated":true}]}}