{"id":443,"date":"2020-07-11T16:03:50","date_gmt":"2020-07-11T13:03:50","guid":{"rendered":"http:\/\/korder.org\/?p=443"},"modified":"2020-08-12T16:09:27","modified_gmt":"2020-08-12T13:09:27","slug":"istanbul-ayasofyasinin-camiye-donusturulmesine-iliskin-korder-gorusu","status":"publish","type":"post","link":"http:\/\/korder.org\/index.php\/2020\/07\/11\/istanbul-ayasofyasinin-camiye-donusturulmesine-iliskin-korder-gorusu\/","title":{"rendered":"\u0130STANBUL AYASOFYA&#8217;SININ CAM\u0130YE D\u00d6N\u00dc\u015eT\u00dcR\u00dcLMES\u0130NE \u0130L\u0130\u015eK\u0130N KORDER G\u00d6R\u00dc\u015e\u00dc"},"content":{"rendered":"\n<p><strong>AYASOFYA \u0130NSANLI\u011eIN ORTAK M\u0130RASI OLARAK KORUNMALIDIR<\/strong><\/p>\n\n\n\n<p>\u0130stanbul Ayasofya\u2019s\u0131, Bizans Kilisesi, Osmanl\u0131 Camisi ve T\u00fcrkiye Cumhuriyeti M\u00fczesi olarak insanl\u0131\u011f\u0131n ortak miras\u0131d\u0131r. Ge\u00e7mi\u015ften g\u00fcn\u00fcm\u00fcze farkl\u0131 d\u00f6nem, toplum ve topluluklar\u0131n ortak de\u011ferleri, inan\u00e7 ve bilgi birikimlerinin tarihsel s\u00fcreklilik i\u00e7indeki en \u00f6nemli yans\u0131malar\u0131ndan biridir.<\/p>\n\n\n\n<p>Ne yaz\u0131k ki g\u00fcn\u00fcm\u00fczde Ayasofya\u2019n\u0131n sembolik de\u011feri; tarihi, sanatsal ve mimari niteliklerinin \u00f6n\u00fcne ge\u00e7mi\u015ftir. Yap\u0131n\u0131n uzun tarihsel ge\u00e7mi\u015finden yaln\u0131zca belirli bir d\u00f6nemini \u00f6n plana \u00e7\u0131karan camiye d\u00f6n\u00fc\u015ft\u00fcrme karar\u0131, Ayasofya\u2019n\u0131n kilise ve m\u00fcze kimliklerinin s\u00fcreklili\u011fini olumsuz etkileyecektir.<\/p>\n\n\n\n<p>\u0130znik ve Trabzon\u2019daki Ayasofya\u2019larda yak\u0131n zamanda ayn\u0131 ama\u00e7la ger\u00e7ekle\u015ftirilen d\u00f6n\u00fc\u015f\u00fcmler, bu \u00f6nemli yap\u0131lar\u0131n hem k\u00fclt\u00fcrel hem de fiziksel niteliklerinin nas\u0131l etkilenebilece\u011fini g\u00f6stermeleri a\u00e7\u0131s\u0131ndan \u0130stanbul Ayasofya\u2019s\u0131 i\u00e7in kayg\u0131 uyand\u0131rmaktad\u0131r.<\/p>\n\n\n\n<p>\u0130stanbul\u2019daki Ayasofya; siyasi ve politik tart\u0131\u015fmalardan \u00e7\u0131kart\u0131larak, bug\u00fcne kadar oldu\u011fu gibi bundan sonra da koruma disiplininin bir \u00f6znesi olmal\u0131d\u0131r. Ger\u00e7ekle\u015ftirilecek m\u00fcdahalelerde, yap\u0131n\u0131n kilise, cami ve m\u00fcze kimliklerinin bir b\u00fct\u00fcn olarak de\u011ferlendirilerek kapsaml\u0131 bir \u015fekilde korunmas\u0131; Ayasofya\u2019n\u0131n herkes i\u00e7in birle\u015ftirici niteliklerini, sosyal ve \u00e7ok k\u00fclt\u00fcrl\u00fc de\u011ferlerini \u00f6n plana \u00e7\u0131kartacakt\u0131r. B\u00f6ylelikle Ayasofya, sonsuza kadar insanl\u0131\u011f\u0131n ortak miras\u0131 olarak korunacakt\u0131r.<\/p>\n\n\n\n<p><strong>KORDER (KORUMA VE RESTORASYON UZMANLARI DERNE\u011e\u0130)<\/strong><\/p>\n","protected":false},"excerpt":{"rendered":"<p>AYASOFYA \u0130NSANLI\u011eIN ORTAK M\u0130RASI OLARAK KORUNMALIDIR \u0130stanbul Ayasofya\u2019s\u0131, Bizans Kilisesi, Osmanl\u0131 Camisi ve T\u00fcrkiye Cumhuriyeti M\u00fczesi olarak insanl\u0131\u011f\u0131n ortak miras\u0131d\u0131r. Ge\u00e7mi\u015ften g\u00fcn\u00fcm\u00fcze farkl\u0131 d\u00f6nem, toplum ve topluluklar\u0131n ortak de\u011ferleri, inan\u00e7 ve bilgi birikimlerinin tarihsel s\u00fcreklilik i\u00e7indeki en \u00f6nemli yans\u0131malar\u0131ndan biridir. Ne yaz\u0131k ki g\u00fcn\u00fcm\u00fczde Ayasofya\u2019n\u0131n sembolik de\u011feri; tarihi, sanatsal ve mimari niteliklerinin \u00f6n\u00fcne ge\u00e7mi\u015ftir. Yap\u0131n\u0131n [&hellip;]<\/p>\n","protected":false},"author":2,"featured_media":0,"comment_status":"closed","ping_status":"closed","sticky":false,"template":"","format":"standard","meta":{"jetpack_post_was_ever_published":false,"_jetpack_newsletter_access":"","_jetpack_newsletter_tier_id":0,"jetpack_publicize_message":"","jetpack_is_tweetstorm":false,"jetpack_publicize_feature_enabled":true,"jetpack_social_post_already_shared":true,"jetpack_social_options":{"image_generator_settings":{"template":"highway","enabled":false}}},"categories":[35],"tags":[],"jetpack_publicize_connections":[],"jetpack_featured_media_url":"","jetpack_sharing_enabled":true,"jetpack_shortlink":"https:\/\/wp.me\/p9N5vd-79","_links":{"self":[{"href":"http:\/\/korder.org\/index.php\/wp-json\/wp\/v2\/posts\/443"}],"collection":[{"href":"http:\/\/korder.org\/index.php\/wp-json\/wp\/v2\/posts"}],"about":[{"href":"http:\/\/korder.org\/index.php\/wp-json\/wp\/v2\/types\/post"}],"author":[{"embeddable":true,"href":"http:\/\/korder.org\/index.php\/wp-json\/wp\/v2\/users\/2"}],"replies":[{"embeddable":true,"href":"http:\/\/korder.org\/index.php\/wp-json\/wp\/v2\/comments?post=443"}],"version-history":[{"count":1,"href":"http:\/\/korder.org\/index.php\/wp-json\/wp\/v2\/posts\/443\/revisions"}],"predecessor-version":[{"id":444,"href":"http:\/\/korder.org\/index.php\/wp-json\/wp\/v2\/posts\/443\/revisions\/444"}],"wp:attachment":[{"href":"http:\/\/korder.org\/index.php\/wp-json\/wp\/v2\/media?parent=443"}],"wp:term":[{"taxonomy":"category","embeddable":true,"href":"http:\/\/korder.org\/index.php\/wp-json\/wp\/v2\/categories?post=443"},{"taxonomy":"post_tag","embeddable":true,"href":"http:\/\/korder.org\/index.php\/wp-json\/wp\/v2\/tags?post=443"}],"curies":[{"name":"wp","href":"https:\/\/api.w.org\/{rel}","templated":true}]}}