{"id":546,"date":"2021-04-24T17:33:37","date_gmt":"2021-04-24T14:33:37","guid":{"rendered":"http:\/\/korder.org\/?p=546"},"modified":"2021-04-24T17:33:37","modified_gmt":"2021-04-24T14:33:37","slug":"mimari-proje-yarismalari-kulturel-miras-alanlari-ve-koruma-istanbul-senin-istanbul-halic-kiyilari-tasarim-yarismasi-5-bolge-1-odul","status":"publish","type":"post","link":"http:\/\/korder.org\/index.php\/2021\/04\/24\/mimari-proje-yarismalari-kulturel-miras-alanlari-ve-koruma-istanbul-senin-istanbul-halic-kiyilari-tasarim-yarismasi-5-bolge-1-odul\/","title":{"rendered":"Mimari Proje Yar\u0131\u015fmalar\u0131, K\u00fclt\u00fcrel Miras Alanlar\u0131 ve Koruma: \u0130stanbul Senin, \u0130stanbul Hali\u00e7 K\u0131y\u0131lar\u0131 Tasar\u0131m Yar\u0131\u015fmas\u0131, 5. B\u00f6lge (1. \u00d6d\u00fcl)"},"content":{"rendered":"\n<p>16 Nisan 2021 Cuma g\u00fcn\u00fc &#8220;Mimari Proje Yar\u0131\u015fmalar\u0131, K\u00fclt\u00fcrel Miras Alanlar\u0131 ve Koruma&#8221; ba\u015fl\u0131kl\u0131 etkinlik serimizin ikincisi olan &#8220;\u0130stanbul Senin, \u0130stanbul Hali\u00e7 K\u0131y\u0131lar\u0131 Tasar\u0131m Yar\u0131\u015fmas\u0131, 5. B\u00f6lge (1. \u00d6d\u00fcl)&#8221; ba\u015fl\u0131kl\u0131 proje m\u00fcellifi Oktan Nalbanto\u011flu ve ekibinin anlat\u0131m\u0131 ile ger\u00e7ekle\u015fen sunu\u015fu youtube kanal\u0131m\u0131zdan izleyebilirsiniz.<\/p>\n\n\n\n<figure class=\"wp-block-embed-youtube wp-block-embed is-type-rich is-provider-gomme-tutucu wp-embed-aspect-16-9 wp-has-aspect-ratio\"><div class=\"wp-block-embed__wrapper\">\n<span class=\"embed-youtube\" style=\"text-align:center; display: block;\"><iframe loading=\"lazy\" class=\"youtube-player\" width=\"625\" height=\"352\" src=\"https:\/\/www.youtube.com\/embed\/AtctDxVpzKU?version=3&#038;rel=1&#038;showsearch=0&#038;showinfo=1&#038;iv_load_policy=1&#038;fs=1&#038;hl=tr-TR&#038;autohide=2&#038;wmode=transparent\" allowfullscreen=\"true\" style=\"border:0;\" sandbox=\"allow-scripts allow-same-origin allow-popups allow-presentation allow-popups-to-escape-sandbox\"><\/iframe><\/span>\n<\/div><\/figure>\n","protected":false},"excerpt":{"rendered":"<p>16 Nisan 2021 Cuma g\u00fcn\u00fc &#8220;Mimari Proje Yar\u0131\u015fmalar\u0131, K\u00fclt\u00fcrel Miras Alanlar\u0131 ve Koruma&#8221; ba\u015fl\u0131kl\u0131 etkinlik serimizin ikincisi olan &#8220;\u0130stanbul Senin, \u0130stanbul Hali\u00e7 K\u0131y\u0131lar\u0131 Tasar\u0131m Yar\u0131\u015fmas\u0131, 5. B\u00f6lge (1. \u00d6d\u00fcl)&#8221; ba\u015fl\u0131kl\u0131 proje m\u00fcellifi Oktan Nalbanto\u011flu ve ekibinin anlat\u0131m\u0131 ile ger\u00e7ekle\u015fen sunu\u015fu youtube kanal\u0131m\u0131zdan izleyebilirsiniz.<\/p>\n","protected":false},"author":2,"featured_media":0,"comment_status":"closed","ping_status":"closed","sticky":false,"template":"","format":"standard","meta":{"jetpack_post_was_ever_published":false,"_jetpack_newsletter_access":"","_jetpack_newsletter_tier_id":0,"jetpack_publicize_message":"","jetpack_is_tweetstorm":false,"jetpack_publicize_feature_enabled":true,"jetpack_social_post_already_shared":true,"jetpack_social_options":{"image_generator_settings":{"template":"highway","enabled":false}}},"categories":[35],"tags":[],"jetpack_publicize_connections":[],"jetpack_featured_media_url":"","jetpack_sharing_enabled":true,"jetpack_shortlink":"https:\/\/wp.me\/p9N5vd-8O","_links":{"self":[{"href":"http:\/\/korder.org\/index.php\/wp-json\/wp\/v2\/posts\/546"}],"collection":[{"href":"http:\/\/korder.org\/index.php\/wp-json\/wp\/v2\/posts"}],"about":[{"href":"http:\/\/korder.org\/index.php\/wp-json\/wp\/v2\/types\/post"}],"author":[{"embeddable":true,"href":"http:\/\/korder.org\/index.php\/wp-json\/wp\/v2\/users\/2"}],"replies":[{"embeddable":true,"href":"http:\/\/korder.org\/index.php\/wp-json\/wp\/v2\/comments?post=546"}],"version-history":[{"count":1,"href":"http:\/\/korder.org\/index.php\/wp-json\/wp\/v2\/posts\/546\/revisions"}],"predecessor-version":[{"id":547,"href":"http:\/\/korder.org\/index.php\/wp-json\/wp\/v2\/posts\/546\/revisions\/547"}],"wp:attachment":[{"href":"http:\/\/korder.org\/index.php\/wp-json\/wp\/v2\/media?parent=546"}],"wp:term":[{"taxonomy":"category","embeddable":true,"href":"http:\/\/korder.org\/index.php\/wp-json\/wp\/v2\/categories?post=546"},{"taxonomy":"post_tag","embeddable":true,"href":"http:\/\/korder.org\/index.php\/wp-json\/wp\/v2\/tags?post=546"}],"curies":[{"name":"wp","href":"https:\/\/api.w.org\/{rel}","templated":true}]}}