{"id":271,"date":"2018-04-09T13:50:01","date_gmt":"2018-04-09T10:50:01","guid":{"rendered":"http:\/\/korder.org\/?p=271"},"modified":"2018-04-10T02:08:20","modified_gmt":"2018-04-09T23:08:20","slug":"mimar-sinan-anmasi-2","status":"publish","type":"post","link":"https:\/\/korder.org\/index.php\/2018\/04\/09\/mimar-sinan-anmasi-2\/","title":{"rendered":"Mimar Sinan Anmas\u0131"},"content":{"rendered":"<p>Mimarl\u0131k tarihimizin simge ismi olan B\u00fcy\u00fck Usta Mimar Sinan\u2019\u0131 \u00f6l\u00fcm\u00fcn\u00fcn 430. Y\u0131l\u0131nda DTCF \u00f6n\u00fcndeki an\u0131t\u0131nda bulu\u015farak and\u0131k.<img decoding=\"async\" loading=\"lazy\" class=\"aligncenter size-large wp-image-272\" src=\"http:\/\/korder.org\/wp-content\/uploads\/2018\/04\/IMG-20180409-WA0004-768x1024.jpg\" alt=\"\" width=\"625\" height=\"833\" srcset=\"https:\/\/korder.org\/wp-content\/uploads\/2018\/04\/IMG-20180409-WA0004-768x1024.jpg 768w, https:\/\/korder.org\/wp-content\/uploads\/2018\/04\/IMG-20180409-WA0004-225x300.jpg 225w, https:\/\/korder.org\/wp-content\/uploads\/2018\/04\/IMG-20180409-WA0004-624x832.jpg 624w, https:\/\/korder.org\/wp-content\/uploads\/2018\/04\/IMG-20180409-WA0004.jpg 1200w\" sizes=\"(max-width: 625px) 100vw, 625px\" \/><\/p>\n","protected":false},"excerpt":{"rendered":"<p>Mimarl\u0131k tarihimizin simge ismi olan B\u00fcy\u00fck Usta Mimar Sinan\u2019\u0131 \u00f6l\u00fcm\u00fcn\u00fcn 430. Y\u0131l\u0131nda DTCF \u00f6n\u00fcndeki an\u0131t\u0131nda bulu\u015farak and\u0131k.<\/p>\n","protected":false},"author":2,"featured_media":0,"comment_status":"closed","ping_status":"closed","sticky":false,"template":"","format":"standard","meta":{"jetpack_post_was_ever_published":false,"_jetpack_newsletter_access":"","_jetpack_newsletter_tier_id":0,"jetpack_publicize_message":"","jetpack_is_tweetstorm":false,"jetpack_publicize_feature_enabled":true,"jetpack_social_post_already_shared":true,"jetpack_social_options":{"image_generator_settings":{"template":"highway","enabled":false}}},"categories":[34],"tags":[],"jetpack_publicize_connections":[],"jetpack_featured_media_url":"","jetpack_sharing_enabled":true,"jetpack_shortlink":"https:\/\/wp.me\/p9N5vd-4n","_links":{"self":[{"href":"https:\/\/korder.org\/index.php\/wp-json\/wp\/v2\/posts\/271"}],"collection":[{"href":"https:\/\/korder.org\/index.php\/wp-json\/wp\/v2\/posts"}],"about":[{"href":"https:\/\/korder.org\/index.php\/wp-json\/wp\/v2\/types\/post"}],"author":[{"embeddable":true,"href":"https:\/\/korder.org\/index.php\/wp-json\/wp\/v2\/users\/2"}],"replies":[{"embeddable":true,"href":"https:\/\/korder.org\/index.php\/wp-json\/wp\/v2\/comments?post=271"}],"version-history":[{"count":2,"href":"https:\/\/korder.org\/index.php\/wp-json\/wp\/v2\/posts\/271\/revisions"}],"predecessor-version":[{"id":338,"href":"https:\/\/korder.org\/index.php\/wp-json\/wp\/v2\/posts\/271\/revisions\/338"}],"wp:attachment":[{"href":"https:\/\/korder.org\/index.php\/wp-json\/wp\/v2\/media?parent=271"}],"wp:term":[{"taxonomy":"category","embeddable":true,"href":"https:\/\/korder.org\/index.php\/wp-json\/wp\/v2\/categories?post=271"},{"taxonomy":"post_tag","embeddable":true,"href":"https:\/\/korder.org\/index.php\/wp-json\/wp\/v2\/tags?post=271"}],"curies":[{"name":"wp","href":"https:\/\/api.w.org\/{rel}","templated":true}]}}