{"id":275,"date":"2018-04-15T10:06:04","date_gmt":"2018-04-15T07:06:04","guid":{"rendered":"http:\/\/korder.org\/?p=275"},"modified":"2018-05-10T12:51:13","modified_gmt":"2018-05-10T09:51:13","slug":"3-heritage-istanbul-fuari","status":"publish","type":"post","link":"https:\/\/korder.org\/index.php\/2018\/04\/15\/3-heritage-istanbul-fuari\/","title":{"rendered":"3. Heritage \u0130stanbul Fuar\u0131"},"content":{"rendered":"<p>KORDER, 12-14 Nisan 2018 tarihleri aras\u0131nda \u0130stanbul\u2019da d\u00fczenlenen 3. Heritage \u0130stanbul Fuar\u0131\u2019na kat\u0131ld\u0131. K\u00fclt\u00fcrel miras\u0131 koruma konusunda bir\u00e7ok sivil toplum kurulu\u015fu ile g\u00f6r\u00fc\u015femeler yapan KORDER,\u00a0 T\u00fcrkiye&#8217;deki k\u00fclt\u00fcrel miras\u0131n gelece\u011fi i\u00e7in bu kurulu\u015flarla birlikte ortak \u00e7al\u0131\u015fmalar yapmak \u00fczere giri\u015fimlerde bulundu.<\/p>\n<p><img decoding=\"async\" loading=\"lazy\" class=\"aligncenter size-large wp-image-276\" src=\"http:\/\/korder.org\/wp-content\/uploads\/2018\/05\/2018-04-12-PHOTO-00000524-768x1024.jpg\" alt=\"\" width=\"625\" height=\"833\" srcset=\"https:\/\/korder.org\/wp-content\/uploads\/2018\/05\/2018-04-12-PHOTO-00000524-768x1024.jpg 768w, https:\/\/korder.org\/wp-content\/uploads\/2018\/05\/2018-04-12-PHOTO-00000524-225x300.jpg 225w, https:\/\/korder.org\/wp-content\/uploads\/2018\/05\/2018-04-12-PHOTO-00000524-624x832.jpg 624w, https:\/\/korder.org\/wp-content\/uploads\/2018\/05\/2018-04-12-PHOTO-00000524.jpg 1200w\" sizes=\"(max-width: 625px) 100vw, 625px\" \/><\/p>\n","protected":false},"excerpt":{"rendered":"<p>KORDER, 12-14 Nisan 2018 tarihleri aras\u0131nda \u0130stanbul\u2019da d\u00fczenlenen 3. Heritage \u0130stanbul Fuar\u0131\u2019na kat\u0131ld\u0131. K\u00fclt\u00fcrel miras\u0131 koruma konusunda bir\u00e7ok sivil toplum kurulu\u015fu ile g\u00f6r\u00fc\u015femeler yapan KORDER,\u00a0 T\u00fcrkiye&#8217;deki k\u00fclt\u00fcrel miras\u0131n gelece\u011fi i\u00e7in bu kurulu\u015flarla birlikte ortak \u00e7al\u0131\u015fmalar yapmak \u00fczere giri\u015fimlerde bulundu.<\/p>\n","protected":false},"author":2,"featured_media":0,"comment_status":"closed","ping_status":"closed","sticky":false,"template":"","format":"standard","meta":{"jetpack_post_was_ever_published":false,"_jetpack_newsletter_access":"","_jetpack_newsletter_tier_id":0,"jetpack_publicize_message":"","jetpack_is_tweetstorm":false,"jetpack_publicize_feature_enabled":true,"jetpack_social_post_already_shared":true,"jetpack_social_options":{"image_generator_settings":{"template":"highway","enabled":false}}},"categories":[34],"tags":[],"jetpack_publicize_connections":[],"jetpack_featured_media_url":"","jetpack_sharing_enabled":true,"jetpack_shortlink":"https:\/\/wp.me\/p9N5vd-4r","_links":{"self":[{"href":"https:\/\/korder.org\/index.php\/wp-json\/wp\/v2\/posts\/275"}],"collection":[{"href":"https:\/\/korder.org\/index.php\/wp-json\/wp\/v2\/posts"}],"about":[{"href":"https:\/\/korder.org\/index.php\/wp-json\/wp\/v2\/types\/post"}],"author":[{"embeddable":true,"href":"https:\/\/korder.org\/index.php\/wp-json\/wp\/v2\/users\/2"}],"replies":[{"embeddable":true,"href":"https:\/\/korder.org\/index.php\/wp-json\/wp\/v2\/comments?post=275"}],"version-history":[{"count":2,"href":"https:\/\/korder.org\/index.php\/wp-json\/wp\/v2\/posts\/275\/revisions"}],"predecessor-version":[{"id":278,"href":"https:\/\/korder.org\/index.php\/wp-json\/wp\/v2\/posts\/275\/revisions\/278"}],"wp:attachment":[{"href":"https:\/\/korder.org\/index.php\/wp-json\/wp\/v2\/media?parent=275"}],"wp:term":[{"taxonomy":"category","embeddable":true,"href":"https:\/\/korder.org\/index.php\/wp-json\/wp\/v2\/categories?post=275"},{"taxonomy":"post_tag","embeddable":true,"href":"https:\/\/korder.org\/index.php\/wp-json\/wp\/v2\/tags?post=275"}],"curies":[{"name":"wp","href":"https:\/\/api.w.org\/{rel}","templated":true}]}}