{"id":573,"date":"2023-03-04T07:26:09","date_gmt":"2023-03-04T04:26:09","guid":{"rendered":"https:\/\/korder.org\/?p=573"},"modified":"2023-03-04T07:26:09","modified_gmt":"2023-03-04T04:26:09","slug":"deprem-sonrasi-kultur-varliklarinin-enkazina-mudahale-hakkinda-aciklama","status":"publish","type":"post","link":"https:\/\/korder.org\/index.php\/2023\/03\/04\/deprem-sonrasi-kultur-varliklarinin-enkazina-mudahale-hakkinda-aciklama\/","title":{"rendered":"Deprem Sonras\u0131 K\u00fclt\u00fcr Varl\u0131klar\u0131n\u0131n Enkaz\u0131na M\u00fcdahale Hakk\u0131nda A\u00e7\u0131klama"},"content":{"rendered":"\n<p>Koruma ve Restorasyon Uzmanlar\u0131 Derne\u011fi (KORDER), docomomo_tr T\u00fcrkiye Ulusal \u00c7al\u0131\u015fma Grubu\u00a0 ve Europa Nostra T\u00fcrkiye ile ortak haz\u0131rlanan &#8220;Deprem Sonras\u0131 K\u00fclt\u00fcr Varl\u0131klar\u0131n\u0131n Enkaz\u0131na M\u00fcdahale Hakk\u0131nda A\u00e7\u0131klama&#8221;<\/p>\n\n\n\n<figure class=\"wp-block-gallery has-nested-images columns-default is-cropped wp-block-gallery-1 is-layout-flex\">\n<figure class=\"wp-block-image size-large\"><img decoding=\"async\" loading=\"lazy\" width=\"709\" height=\"1024\" data-id=\"574\"  src=\"https:\/\/korder.org\/wp-content\/uploads\/2023\/03\/kultur-varliklari-enkazina-mudahale_-gorus-1-709x1024.jpg\" alt=\"\" class=\"wp-image-574\" srcset=\"https:\/\/korder.org\/wp-content\/uploads\/2023\/03\/kultur-varliklari-enkazina-mudahale_-gorus-1-709x1024.jpg 709w, https:\/\/korder.org\/wp-content\/uploads\/2023\/03\/kultur-varliklari-enkazina-mudahale_-gorus-1-208x300.jpg 208w, https:\/\/korder.org\/wp-content\/uploads\/2023\/03\/kultur-varliklari-enkazina-mudahale_-gorus-1-768x1109.jpg 768w, https:\/\/korder.org\/wp-content\/uploads\/2023\/03\/kultur-varliklari-enkazina-mudahale_-gorus-1-1063x1536.jpg 1063w, https:\/\/korder.org\/wp-content\/uploads\/2023\/03\/kultur-varliklari-enkazina-mudahale_-gorus-1-1418x2048.jpg 1418w, https:\/\/korder.org\/wp-content\/uploads\/2023\/03\/kultur-varliklari-enkazina-mudahale_-gorus-1-624x901.jpg 624w, https:\/\/korder.org\/wp-content\/uploads\/2023\/03\/kultur-varliklari-enkazina-mudahale_-gorus-1-scaled.jpg 1772w\" sizes=\"(max-width: 709px) 100vw, 709px\" \/><\/figure>\n<\/figure>\n","protected":false},"excerpt":{"rendered":"<p>Koruma ve Restorasyon Uzmanlar\u0131 Derne\u011fi (KORDER), docomomo_tr T\u00fcrkiye Ulusal \u00c7al\u0131\u015fma Grubu\u00a0 ve Europa Nostra T\u00fcrkiye ile ortak haz\u0131rlanan &#8220;Deprem Sonras\u0131 K\u00fclt\u00fcr Varl\u0131klar\u0131n\u0131n Enkaz\u0131na M\u00fcdahale Hakk\u0131nda A\u00e7\u0131klama&#8221;<\/p>\n","protected":false},"author":2,"featured_media":0,"comment_status":"closed","ping_status":"closed","sticky":false,"template":"","format":"standard","meta":{"jetpack_post_was_ever_published":false,"_jetpack_newsletter_access":"","_jetpack_newsletter_tier_id":0,"jetpack_publicize_message":"","jetpack_is_tweetstorm":false,"jetpack_publicize_feature_enabled":true,"jetpack_social_post_already_shared":true,"jetpack_social_options":{"image_generator_settings":{"template":"highway","enabled":false}}},"categories":[35],"tags":[],"jetpack_publicize_connections":[],"jetpack_featured_media_url":"","jetpack_sharing_enabled":true,"jetpack_shortlink":"https:\/\/wp.me\/p9N5vd-9f","_links":{"self":[{"href":"https:\/\/korder.org\/index.php\/wp-json\/wp\/v2\/posts\/573"}],"collection":[{"href":"https:\/\/korder.org\/index.php\/wp-json\/wp\/v2\/posts"}],"about":[{"href":"https:\/\/korder.org\/index.php\/wp-json\/wp\/v2\/types\/post"}],"author":[{"embeddable":true,"href":"https:\/\/korder.org\/index.php\/wp-json\/wp\/v2\/users\/2"}],"replies":[{"embeddable":true,"href":"https:\/\/korder.org\/index.php\/wp-json\/wp\/v2\/comments?post=573"}],"version-history":[{"count":1,"href":"https:\/\/korder.org\/index.php\/wp-json\/wp\/v2\/posts\/573\/revisions"}],"predecessor-version":[{"id":575,"href":"https:\/\/korder.org\/index.php\/wp-json\/wp\/v2\/posts\/573\/revisions\/575"}],"wp:attachment":[{"href":"https:\/\/korder.org\/index.php\/wp-json\/wp\/v2\/media?parent=573"}],"wp:term":[{"taxonomy":"category","embeddable":true,"href":"https:\/\/korder.org\/index.php\/wp-json\/wp\/v2\/categories?post=573"},{"taxonomy":"post_tag","embeddable":true,"href":"https:\/\/korder.org\/index.php\/wp-json\/wp\/v2\/tags?post=573"}],"curies":[{"name":"wp","href":"https:\/\/api.w.org\/{rel}","templated":true}]}}